{"id":2792,"date":"2016-06-30T14:49:58","date_gmt":"2016-06-30T14:49:58","guid":{"rendered":"http:\/\/www.cyril-kalisz.org\/?p=2792"},"modified":"2016-06-30T18:01:42","modified_gmt":"2016-06-30T18:01:42","slug":"couteau-fixe-cuisine","status":"publish","type":"post","link":"https:\/\/www.cyril-kalisz.org\/?p=2792","title":{"rendered":"Couteau fixe &#8211; cuisine"},"content":{"rendered":"<p>\n\n<div class=\"ngg-galleryoverview ngg-slideshow\"\n\t id=\"ngg-slideshow-607cbe6762fe6052144a9aca71319c8c-21047782590\"\n     data-gallery-id=\"607cbe6762fe6052144a9aca71319c8c\"\n     style=\"max-width: 320px; max-height: 240px;\">\n\n \t<div id=\"ngg-image-0\" class=\"ngg-gallery-slideshow-image\" style=\"height:240px\">\n\n        <a href=\"https:\/\/www.cyril-kalisz.org\/wp-content\/gallery\/2016-06-FixeChene14c28n\/2016-06-Fixe14c28nChene-11.jpg\"\n           title=\"Couteau fixe par Cyril Kalisz lame inoxydable 14c28n - poign\u00e9e et \u00e9tuis en ch\u00eane de la for\u00eat de Tronchet - garde et pommeau inox - enti\u00e8rement d\u00e9montable\"\n           data-src=\"https:\/\/www.cyril-kalisz.org\/wp-content\/gallery\/2016-06-FixeChene14c28n\/2016-06-Fixe14c28nChene-11.jpg\"\n           data-thumbnail=\"https:\/\/www.cyril-kalisz.org\/wp-content\/gallery\/2016-06-FixeChene14c28n\/thumbs\/thumbs_2016-06-Fixe14c28nChene-11.jpg\"\n           data-image-id=\"1440\"\n           data-title=\"Couteau fixe - cuisine\"\n           data-description=\"Couteau fixe par Cyril Kalisz lame inoxydable 14c28n - poign\u00e9e et \u00e9tuis en ch\u00eane de la for\u00eat de Tronchet - garde et pommeau inox - enti\u00e8rement d\u00e9montable\"\n           class=\"shutterset_607cbe6762fe6052144a9aca71319c8c\">\n\n            <img data-image-id='1440'\n                 title=\"Couteau fixe par Cyril Kalisz lame inoxydable 14c28n - poign\u00e9e et \u00e9tuis en ch\u00eane de la for\u00eat de Tronchet - garde et pommeau inox - enti\u00e8rement d\u00e9montable\"\n                 alt=\"Couteau fixe - cuisine\"\n                 src=\"https:\/\/www.cyril-kalisz.org\/wp-content\/gallery\/2016-06-FixeChene14c28n\/2016-06-Fixe14c28nChene-11.jpg\"\n                 style=\"max-height: 220px;\"\/>\n        <\/a>\n\n        <\/div> \n<div id=\"ngg-image-1\" class=\"ngg-gallery-slideshow-image\" style=\"height:240px\">\n\n        <a href=\"https:\/\/www.cyril-kalisz.org\/wp-content\/gallery\/2016-06-FixeChene14c28n\/2016-06-Fixe14c28nChene-09.jpg\"\n           title=\"Couteau fixe par Cyril Kalisz lame inoxydable 14c28n - poign\u00e9e et \u00e9tuis en ch\u00eane de la for\u00eat de Tronchet - garde et pommeau inox - enti\u00e8rement d\u00e9montable\"\n           data-src=\"https:\/\/www.cyril-kalisz.org\/wp-content\/gallery\/2016-06-FixeChene14c28n\/2016-06-Fixe14c28nChene-09.jpg\"\n           data-thumbnail=\"https:\/\/www.cyril-kalisz.org\/wp-content\/gallery\/2016-06-FixeChene14c28n\/thumbs\/thumbs_2016-06-Fixe14c28nChene-09.jpg\"\n           data-image-id=\"1438\"\n           data-title=\"Couteau fixe - cuisine - macros\"\n           data-description=\"Couteau fixe par Cyril Kalisz lame inoxydable 14c28n - poign\u00e9e et \u00e9tuis en ch\u00eane de la for\u00eat de Tronchet - garde et pommeau inox - enti\u00e8rement d\u00e9montable\"\n           class=\"shutterset_607cbe6762fe6052144a9aca71319c8c\">\n\n            <img data-image-id='1438'\n                 title=\"Couteau fixe par Cyril Kalisz lame inoxydable 14c28n - poign\u00e9e et \u00e9tuis en ch\u00eane de la for\u00eat de Tronchet - garde et pommeau inox - enti\u00e8rement d\u00e9montable\"\n                 alt=\"Couteau fixe - cuisine - macros\"\n                 src=\"https:\/\/www.cyril-kalisz.org\/wp-content\/gallery\/2016-06-FixeChene14c28n\/2016-06-Fixe14c28nChene-09.jpg\"\n                 style=\"max-height: 220px;\"\/>\n        <\/a>\n\n        <\/div> \n<div id=\"ngg-image-2\" class=\"ngg-gallery-slideshow-image\" style=\"height:240px\">\n\n        <a href=\"https:\/\/www.cyril-kalisz.org\/wp-content\/gallery\/2016-06-FixeChene14c28n\/2016-06-Fixe14c28nChene-10.jpg\"\n           title=\"Couteau fixe par Cyril Kalisz lame inoxydable 14c28n - poign\u00e9e et \u00e9tuis en ch\u00eane de la for\u00eat de Tronchet - garde et pommeau inox - enti\u00e8rement d\u00e9montable\"\n           data-src=\"https:\/\/www.cyril-kalisz.org\/wp-content\/gallery\/2016-06-FixeChene14c28n\/2016-06-Fixe14c28nChene-10.jpg\"\n           data-thumbnail=\"https:\/\/www.cyril-kalisz.org\/wp-content\/gallery\/2016-06-FixeChene14c28n\/thumbs\/thumbs_2016-06-Fixe14c28nChene-10.jpg\"\n           data-image-id=\"1439\"\n           data-title=\"Couteau fixe - cuisine - \u00e9tuis\"\n           data-description=\"Couteau fixe par Cyril Kalisz lame inoxydable 14c28n - poign\u00e9e et \u00e9tuis en ch\u00eane de la for\u00eat de Tronchet - garde et pommeau inox - enti\u00e8rement d\u00e9montable\"\n           class=\"shutterset_607cbe6762fe6052144a9aca71319c8c\">\n\n            <img data-image-id='1439'\n                 title=\"Couteau fixe par Cyril Kalisz lame inoxydable 14c28n - poign\u00e9e et \u00e9tuis en ch\u00eane de la for\u00eat de Tronchet - garde et pommeau inox - enti\u00e8rement d\u00e9montable\"\n                 alt=\"Couteau fixe - cuisine - \u00e9tuis\"\n                 src=\"https:\/\/www.cyril-kalisz.org\/wp-content\/gallery\/2016-06-FixeChene14c28n\/2016-06-Fixe14c28nChene-10.jpg\"\n                 style=\"max-height: 220px;\"\/>\n        <\/a>\n\n        <\/div> \n<div id=\"ngg-image-3\" class=\"ngg-gallery-slideshow-image\" style=\"height:240px\">\n\n        <a href=\"https:\/\/www.cyril-kalisz.org\/wp-content\/gallery\/2016-06-FixeChene14c28n\/2016-06-Fixe14c28nChene-01.jpg\"\n           title=\"Couteau fixe par Cyril Kalisz lame inoxydable 14c28n - poign\u00e9e et \u00e9tuis en ch\u00eane de la for\u00eat de Tronchet - garde et pommeau inox - enti\u00e8rement d\u00e9montable\"\n           data-src=\"https:\/\/www.cyril-kalisz.org\/wp-content\/gallery\/2016-06-FixeChene14c28n\/2016-06-Fixe14c28nChene-01.jpg\"\n           data-thumbnail=\"https:\/\/www.cyril-kalisz.org\/wp-content\/gallery\/2016-06-FixeChene14c28n\/thumbs\/thumbs_2016-06-Fixe14c28nChene-01.jpg\"\n           data-image-id=\"1430\"\n           data-title=\"Couteau fixe - Travail de dessin\"\n           data-description=\"Couteau fixe par Cyril Kalisz lame inoxydable 14c28n - poign\u00e9e et \u00e9tuis en ch\u00eane de la for\u00eat de Tronchet - garde et pommeau inox - enti\u00e8rement d\u00e9montable\"\n           class=\"shutterset_607cbe6762fe6052144a9aca71319c8c\">\n\n            <img data-image-id='1430'\n                 title=\"Couteau fixe par Cyril Kalisz lame inoxydable 14c28n - poign\u00e9e et \u00e9tuis en ch\u00eane de la for\u00eat de Tronchet - garde et pommeau inox - enti\u00e8rement d\u00e9montable\"\n                 alt=\"Couteau fixe - Travail de dessin\"\n                 src=\"https:\/\/www.cyril-kalisz.org\/wp-content\/gallery\/2016-06-FixeChene14c28n\/2016-06-Fixe14c28nChene-01.jpg\"\n                 style=\"max-height: 220px;\"\/>\n        <\/a>\n\n        <\/div> \n<div id=\"ngg-image-4\" class=\"ngg-gallery-slideshow-image\" style=\"height:240px\">\n\n        <a href=\"https:\/\/www.cyril-kalisz.org\/wp-content\/gallery\/2016-06-FixeChene14c28n\/2016-06-Fixe14c28nChene-02.jpg\"\n           title=\"Couteau fixe par Cyril Kalisz lame inoxydable 14c28n - poign\u00e9e et \u00e9tuis en ch\u00eane de la for\u00eat de Tronchet - garde et pommeau inox - enti\u00e8rement d\u00e9montable\"\n           data-src=\"https:\/\/www.cyril-kalisz.org\/wp-content\/gallery\/2016-06-FixeChene14c28n\/2016-06-Fixe14c28nChene-02.jpg\"\n           data-thumbnail=\"https:\/\/www.cyril-kalisz.org\/wp-content\/gallery\/2016-06-FixeChene14c28n\/thumbs\/thumbs_2016-06-Fixe14c28nChene-02.jpg\"\n           data-image-id=\"1431\"\n           data-title=\"Couteau fixe - la garde\"\n           data-description=\"Couteau fixe par Cyril Kalisz lame inoxydable 14c28n - poign\u00e9e et \u00e9tuis en ch\u00eane de la for\u00eat de Tronchet - garde et pommeau inox - enti\u00e8rement d\u00e9montable\"\n           class=\"shutterset_607cbe6762fe6052144a9aca71319c8c\">\n\n            <img data-image-id='1431'\n                 title=\"Couteau fixe par Cyril Kalisz lame inoxydable 14c28n - poign\u00e9e et \u00e9tuis en ch\u00eane de la for\u00eat de Tronchet - garde et pommeau inox - enti\u00e8rement d\u00e9montable\"\n                 alt=\"Couteau fixe - la garde\"\n                 src=\"https:\/\/www.cyril-kalisz.org\/wp-content\/gallery\/2016-06-FixeChene14c28n\/2016-06-Fixe14c28nChene-02.jpg\"\n                 style=\"max-height: 220px;\"\/>\n        <\/a>\n\n        <\/div> \n<div id=\"ngg-image-5\" class=\"ngg-gallery-slideshow-image\" style=\"height:240px\">\n\n        <a href=\"https:\/\/www.cyril-kalisz.org\/wp-content\/gallery\/2016-06-FixeChene14c28n\/2016-06-Fixe14c28nChene-03.jpg\"\n           title=\"Couteau fixe par Cyril Kalisz lame inoxydable 14c28n - poign\u00e9e et \u00e9tuis en ch\u00eane de la for\u00eat de Tronchet - garde et pommeau inox - enti\u00e8rement d\u00e9montable\"\n           data-src=\"https:\/\/www.cyril-kalisz.org\/wp-content\/gallery\/2016-06-FixeChene14c28n\/2016-06-Fixe14c28nChene-03.jpg\"\n           data-thumbnail=\"https:\/\/www.cyril-kalisz.org\/wp-content\/gallery\/2016-06-FixeChene14c28n\/thumbs\/thumbs_2016-06-Fixe14c28nChene-03.jpg\"\n           data-image-id=\"1432\"\n           data-title=\"Couteau fixe - cuisine - les bagues\"\n           data-description=\"Couteau fixe par Cyril Kalisz lame inoxydable 14c28n - poign\u00e9e et \u00e9tuis en ch\u00eane de la for\u00eat de Tronchet - garde et pommeau inox - enti\u00e8rement d\u00e9montable\"\n           class=\"shutterset_607cbe6762fe6052144a9aca71319c8c\">\n\n            <img data-image-id='1432'\n                 title=\"Couteau fixe par Cyril Kalisz lame inoxydable 14c28n - poign\u00e9e et \u00e9tuis en ch\u00eane de la for\u00eat de Tronchet - garde et pommeau inox - enti\u00e8rement d\u00e9montable\"\n                 alt=\"Couteau fixe - cuisine - les bagues\"\n                 src=\"https:\/\/www.cyril-kalisz.org\/wp-content\/gallery\/2016-06-FixeChene14c28n\/2016-06-Fixe14c28nChene-03.jpg\"\n                 style=\"max-height: 220px;\"\/>\n        <\/a>\n\n        <\/div> \n<div id=\"ngg-image-6\" class=\"ngg-gallery-slideshow-image\" style=\"height:240px\">\n\n        <a href=\"https:\/\/www.cyril-kalisz.org\/wp-content\/gallery\/2016-06-FixeChene14c28n\/2016-06-Fixe14c28nChene-04.jpg\"\n           title=\"Couteau fixe par Cyril Kalisz lame inoxydable 14c28n - poign\u00e9e et \u00e9tuis en ch\u00eane de la for\u00eat de Tronchet - garde et pommeau inox - enti\u00e8rement d\u00e9montable\"\n           data-src=\"https:\/\/www.cyril-kalisz.org\/wp-content\/gallery\/2016-06-FixeChene14c28n\/2016-06-Fixe14c28nChene-04.jpg\"\n           data-thumbnail=\"https:\/\/www.cyril-kalisz.org\/wp-content\/gallery\/2016-06-FixeChene14c28n\/thumbs\/thumbs_2016-06-Fixe14c28nChene-04.jpg\"\n           data-image-id=\"1433\"\n           data-title=\"Couteau fixe - cuisine - \u00e7a prend forme\"\n           data-description=\"Couteau fixe par Cyril Kalisz lame inoxydable 14c28n - poign\u00e9e et \u00e9tuis en ch\u00eane de la for\u00eat de Tronchet - garde et pommeau inox - enti\u00e8rement d\u00e9montable\"\n           class=\"shutterset_607cbe6762fe6052144a9aca71319c8c\">\n\n            <img data-image-id='1433'\n                 title=\"Couteau fixe par Cyril Kalisz lame inoxydable 14c28n - poign\u00e9e et \u00e9tuis en ch\u00eane de la for\u00eat de Tronchet - garde et pommeau inox - enti\u00e8rement d\u00e9montable\"\n                 alt=\"Couteau fixe - cuisine - \u00e7a prend forme\"\n                 src=\"https:\/\/www.cyril-kalisz.org\/wp-content\/gallery\/2016-06-FixeChene14c28n\/2016-06-Fixe14c28nChene-04.jpg\"\n                 style=\"max-height: 220px;\"\/>\n        <\/a>\n\n        <\/div> \n<div id=\"ngg-image-7\" class=\"ngg-gallery-slideshow-image\" style=\"height:240px\">\n\n        <a href=\"https:\/\/www.cyril-kalisz.org\/wp-content\/gallery\/2016-06-FixeChene14c28n\/2016-06-Fixe14c28nChene-05.jpg\"\n           title=\"Couteau fixe par Cyril Kalisz lame inoxydable 14c28n - poign\u00e9e et \u00e9tuis en ch\u00eane de la for\u00eat de Tronchet - garde et pommeau inox - enti\u00e8rement d\u00e9montable\"\n           data-src=\"https:\/\/www.cyril-kalisz.org\/wp-content\/gallery\/2016-06-FixeChene14c28n\/2016-06-Fixe14c28nChene-05.jpg\"\n           data-thumbnail=\"https:\/\/www.cyril-kalisz.org\/wp-content\/gallery\/2016-06-FixeChene14c28n\/thumbs\/thumbs_2016-06-Fixe14c28nChene-05.jpg\"\n           data-image-id=\"1434\"\n           data-title=\"Couteau fixe - cuisine - cannelage\"\n           data-description=\"Couteau fixe par Cyril Kalisz lame inoxydable 14c28n - poign\u00e9e et \u00e9tuis en ch\u00eane de la for\u00eat de Tronchet - garde et pommeau inox - enti\u00e8rement d\u00e9montable\"\n           class=\"shutterset_607cbe6762fe6052144a9aca71319c8c\">\n\n            <img data-image-id='1434'\n                 title=\"Couteau fixe par Cyril Kalisz lame inoxydable 14c28n - poign\u00e9e et \u00e9tuis en ch\u00eane de la for\u00eat de Tronchet - garde et pommeau inox - enti\u00e8rement d\u00e9montable\"\n                 alt=\"Couteau fixe - cuisine - cannelage\"\n                 src=\"https:\/\/www.cyril-kalisz.org\/wp-content\/gallery\/2016-06-FixeChene14c28n\/2016-06-Fixe14c28nChene-05.jpg\"\n                 style=\"max-height: 220px;\"\/>\n        <\/a>\n\n        <\/div> \n<div id=\"ngg-image-8\" class=\"ngg-gallery-slideshow-image\" style=\"height:240px\">\n\n        <a href=\"https:\/\/www.cyril-kalisz.org\/wp-content\/gallery\/2016-06-FixeChene14c28n\/2016-06-Fixe14c28nChene-06.jpg\"\n           title=\"Couteau fixe par Cyril Kalisz lame inoxydable 14c28n - poign\u00e9e et \u00e9tuis en ch\u00eane de la for\u00eat de Tronchet - garde et pommeau inox - enti\u00e8rement d\u00e9montable\"\n           data-src=\"https:\/\/www.cyril-kalisz.org\/wp-content\/gallery\/2016-06-FixeChene14c28n\/2016-06-Fixe14c28nChene-06.jpg\"\n           data-thumbnail=\"https:\/\/www.cyril-kalisz.org\/wp-content\/gallery\/2016-06-FixeChene14c28n\/thumbs\/thumbs_2016-06-Fixe14c28nChene-06.jpg\"\n           data-image-id=\"1435\"\n           data-title=\"Couteau fixe - cuisine - polissage\"\n           data-description=\"Couteau fixe par Cyril Kalisz lame inoxydable 14c28n - poign\u00e9e et \u00e9tuis en ch\u00eane de la for\u00eat de Tronchet - garde et pommeau inox - enti\u00e8rement d\u00e9montable\"\n           class=\"shutterset_607cbe6762fe6052144a9aca71319c8c\">\n\n            <img data-image-id='1435'\n                 title=\"Couteau fixe par Cyril Kalisz lame inoxydable 14c28n - poign\u00e9e et \u00e9tuis en ch\u00eane de la for\u00eat de Tronchet - garde et pommeau inox - enti\u00e8rement d\u00e9montable\"\n                 alt=\"Couteau fixe - cuisine - polissage\"\n                 src=\"https:\/\/www.cyril-kalisz.org\/wp-content\/gallery\/2016-06-FixeChene14c28n\/2016-06-Fixe14c28nChene-06.jpg\"\n                 style=\"max-height: 220px;\"\/>\n        <\/a>\n\n        <\/div> \n<div id=\"ngg-image-9\" class=\"ngg-gallery-slideshow-image\" style=\"height:240px\">\n\n        <a href=\"https:\/\/www.cyril-kalisz.org\/wp-content\/gallery\/2016-06-FixeChene14c28n\/2016-06-Fixe14c28nChene-07.jpg\"\n           title=\"Couteau fixe par Cyril Kalisz lame inoxydable 14c28n - poign\u00e9e et \u00e9tuis en ch\u00eane de la for\u00eat de Tronchet - garde et pommeau inox - enti\u00e8rement d\u00e9montable\"\n           data-src=\"https:\/\/www.cyril-kalisz.org\/wp-content\/gallery\/2016-06-FixeChene14c28n\/2016-06-Fixe14c28nChene-07.jpg\"\n           data-thumbnail=\"https:\/\/www.cyril-kalisz.org\/wp-content\/gallery\/2016-06-FixeChene14c28n\/thumbs\/thumbs_2016-06-Fixe14c28nChene-07.jpg\"\n           data-image-id=\"1436\"\n           data-title=\"Couteau fixe - cuisine - le set\"\n           data-description=\"Couteau fixe par Cyril Kalisz lame inoxydable 14c28n - poign\u00e9e et \u00e9tuis en ch\u00eane de la for\u00eat de Tronchet - garde et pommeau inox - enti\u00e8rement d\u00e9montable\"\n           class=\"shutterset_607cbe6762fe6052144a9aca71319c8c\">\n\n            <img data-image-id='1436'\n                 title=\"Couteau fixe par Cyril Kalisz lame inoxydable 14c28n - poign\u00e9e et \u00e9tuis en ch\u00eane de la for\u00eat de Tronchet - garde et pommeau inox - enti\u00e8rement d\u00e9montable\"\n                 alt=\"Couteau fixe - cuisine - le set\"\n                 src=\"https:\/\/www.cyril-kalisz.org\/wp-content\/gallery\/2016-06-FixeChene14c28n\/2016-06-Fixe14c28nChene-07.jpg\"\n                 style=\"max-height: 220px;\"\/>\n        <\/a>\n\n        <\/div> \n<div id=\"ngg-image-10\" class=\"ngg-gallery-slideshow-image\" style=\"height:240px\">\n\n        <a href=\"https:\/\/www.cyril-kalisz.org\/wp-content\/gallery\/2016-06-FixeChene14c28n\/2016-06-Fixe14c28nChene-08.jpg\"\n           title=\"Couteau fixe par Cyril Kalisz lame inoxydable 14c28n - poign\u00e9e et \u00e9tuis en ch\u00eane de la for\u00eat de Tronchet - garde et pommeau inox - enti\u00e8rement d\u00e9montable\"\n           data-src=\"https:\/\/www.cyril-kalisz.org\/wp-content\/gallery\/2016-06-FixeChene14c28n\/2016-06-Fixe14c28nChene-08.jpg\"\n           data-thumbnail=\"https:\/\/www.cyril-kalisz.org\/wp-content\/gallery\/2016-06-FixeChene14c28n\/thumbs\/thumbs_2016-06-Fixe14c28nChene-08.jpg\"\n           data-image-id=\"1437\"\n           data-title=\"Couteau fixe - cuisine - gros plan\"\n           data-description=\"Couteau fixe par Cyril Kalisz lame inoxydable 14c28n - poign\u00e9e et \u00e9tuis en ch\u00eane de la for\u00eat de Tronchet - garde et pommeau inox - enti\u00e8rement d\u00e9montable\"\n           class=\"shutterset_607cbe6762fe6052144a9aca71319c8c\">\n\n            <img data-image-id='1437'\n                 title=\"Couteau fixe par Cyril Kalisz lame inoxydable 14c28n - poign\u00e9e et \u00e9tuis en ch\u00eane de la for\u00eat de Tronchet - garde et pommeau inox - enti\u00e8rement d\u00e9montable\"\n                 alt=\"Couteau fixe - cuisine - gros plan\"\n                 src=\"https:\/\/www.cyril-kalisz.org\/wp-content\/gallery\/2016-06-FixeChene14c28n\/2016-06-Fixe14c28nChene-08.jpg\"\n                 style=\"max-height: 220px;\"\/>\n        <\/a>\n\n        <\/div> \n<\/div>\n\n\n\n<\/p>\n<p>Couteau fixe montage soie traversante &#8211; pommeau visser &#8211; enti\u00e8rement d\u00e9montable.<br \/>\nLame 14c28n &#8211; poign\u00e9e ch\u00eane de la for\u00eat de Tron\u00e7ais &#8211; garde et pommeau inox &#8211; \u00e9tuis ch\u00eane de la for\u00eat de Tronchet.<\/p>\n<p>Longueur de lame : 18,8 cm.<br \/>\nLongueur totale : 31 cm.<\/p>\n<p><!-- index.php -->\n<div\n\tclass=\"ngg-galleryoverview ngg-ajax-pagination-none\"\n\tid=\"ngg-gallery-2a7e3abc2f2af2332af3fefc44b8fcdf-1\">\n\n    \t\t<!-- Thumbnails -->\n\t\t\t\t<div id=\"ngg-image-0\" class=\"ngg-gallery-thumbnail-box\" >\n\t\t\t\t        <div class=\"ngg-gallery-thumbnail\">\n            <a href=\"https:\/\/www.cyril-kalisz.org\/wp-content\/gallery\/2016-06-FixeChene14c28n\/2016-06-Fixe14c28nChene-11.jpg\"\n               title=\"Couteau fixe par Cyril Kalisz lame inoxydable 14c28n - poign\u00e9e et \u00e9tuis en ch\u00eane de la for\u00eat de Tronchet - garde et pommeau inox - enti\u00e8rement d\u00e9montable\"\n               data-src=\"https:\/\/www.cyril-kalisz.org\/wp-content\/gallery\/2016-06-FixeChene14c28n\/2016-06-Fixe14c28nChene-11.jpg\"\n               data-thumbnail=\"https:\/\/www.cyril-kalisz.org\/wp-content\/gallery\/2016-06-FixeChene14c28n\/thumbs\/thumbs_2016-06-Fixe14c28nChene-11.jpg\"\n               data-image-id=\"1440\"\n               data-title=\"Couteau fixe - cuisine\"\n               data-description=\"Couteau fixe par Cyril Kalisz lame inoxydable 14c28n - poign\u00e9e et \u00e9tuis en ch\u00eane de la for\u00eat de Tronchet - garde et pommeau inox - enti\u00e8rement d\u00e9montable\"\n               data-image-slug=\"2016-06-fixe14c28nchene-11\"\n               class=\"shutterset_2a7e3abc2f2af2332af3fefc44b8fcdf\">\n                <img\n                    title=\"Couteau fixe - cuisine\"\n                    alt=\"Couteau fixe - cuisine\"\n                    src=\"https:\/\/www.cyril-kalisz.org\/wp-content\/gallery\/2016-06-FixeChene14c28n\/thumbs\/thumbs_2016-06-Fixe14c28nChene-11.jpg\"\n                    width=\"225\"\n                    height=\"127\"\n                    style=\"max-width:100%;\"\n                \/>\n            <\/a>\n        <\/div>\n\t\t\t\t\t\t\t<\/div> \n\t\t\t\n        \n\t\t\t\t<div id=\"ngg-image-1\" class=\"ngg-gallery-thumbnail-box\" >\n\t\t\t\t        <div class=\"ngg-gallery-thumbnail\">\n            <a href=\"https:\/\/www.cyril-kalisz.org\/wp-content\/gallery\/2016-06-FixeChene14c28n\/2016-06-Fixe14c28nChene-09.jpg\"\n               title=\"Couteau fixe par Cyril Kalisz lame inoxydable 14c28n - poign\u00e9e et \u00e9tuis en ch\u00eane de la for\u00eat de Tronchet - garde et pommeau inox - enti\u00e8rement d\u00e9montable\"\n               data-src=\"https:\/\/www.cyril-kalisz.org\/wp-content\/gallery\/2016-06-FixeChene14c28n\/2016-06-Fixe14c28nChene-09.jpg\"\n               data-thumbnail=\"https:\/\/www.cyril-kalisz.org\/wp-content\/gallery\/2016-06-FixeChene14c28n\/thumbs\/thumbs_2016-06-Fixe14c28nChene-09.jpg\"\n               data-image-id=\"1438\"\n               data-title=\"Couteau fixe - cuisine - macros\"\n               data-description=\"Couteau fixe par Cyril Kalisz lame inoxydable 14c28n - poign\u00e9e et \u00e9tuis en ch\u00eane de la for\u00eat de Tronchet - garde et pommeau inox - enti\u00e8rement d\u00e9montable\"\n               data-image-slug=\"2016-06-fixe14c28nchene-09\"\n               class=\"shutterset_2a7e3abc2f2af2332af3fefc44b8fcdf\">\n                <img\n                    title=\"Couteau fixe - cuisine - macros\"\n                    alt=\"Couteau fixe - cuisine - macros\"\n                    src=\"https:\/\/www.cyril-kalisz.org\/wp-content\/gallery\/2016-06-FixeChene14c28n\/thumbs\/thumbs_2016-06-Fixe14c28nChene-09.jpg\"\n                    width=\"270\"\n                    height=\"90\"\n                    style=\"max-width:100%;\"\n                \/>\n            <\/a>\n        <\/div>\n\t\t\t\t\t\t\t<\/div> \n\t\t\t\n        \n\t\t\t\t<div id=\"ngg-image-2\" class=\"ngg-gallery-thumbnail-box\" >\n\t\t\t\t        <div class=\"ngg-gallery-thumbnail\">\n            <a href=\"https:\/\/www.cyril-kalisz.org\/wp-content\/gallery\/2016-06-FixeChene14c28n\/2016-06-Fixe14c28nChene-10.jpg\"\n               title=\"Couteau fixe par Cyril Kalisz lame inoxydable 14c28n - poign\u00e9e et \u00e9tuis en ch\u00eane de la for\u00eat de Tronchet - garde et pommeau inox - enti\u00e8rement d\u00e9montable\"\n               data-src=\"https:\/\/www.cyril-kalisz.org\/wp-content\/gallery\/2016-06-FixeChene14c28n\/2016-06-Fixe14c28nChene-10.jpg\"\n               data-thumbnail=\"https:\/\/www.cyril-kalisz.org\/wp-content\/gallery\/2016-06-FixeChene14c28n\/thumbs\/thumbs_2016-06-Fixe14c28nChene-10.jpg\"\n               data-image-id=\"1439\"\n               data-title=\"Couteau fixe - cuisine - \u00e9tuis\"\n               data-description=\"Couteau fixe par Cyril Kalisz lame inoxydable 14c28n - poign\u00e9e et \u00e9tuis en ch\u00eane de la for\u00eat de Tronchet - garde et pommeau inox - enti\u00e8rement d\u00e9montable\"\n               data-image-slug=\"2016-06-fixe14c28nchene-10\"\n               class=\"shutterset_2a7e3abc2f2af2332af3fefc44b8fcdf\">\n                <img\n                    title=\"Couteau fixe - cuisine - \u00e9tuis\"\n                    alt=\"Couteau fixe - cuisine - \u00e9tuis\"\n                    src=\"https:\/\/www.cyril-kalisz.org\/wp-content\/gallery\/2016-06-FixeChene14c28n\/thumbs\/thumbs_2016-06-Fixe14c28nChene-10.jpg\"\n                    width=\"208\"\n                    height=\"127\"\n                    style=\"max-width:100%;\"\n                \/>\n            <\/a>\n        <\/div>\n\t\t\t\t\t\t\t<\/div> \n\t\t\t\n        \n\t\t\t\t<div id=\"ngg-image-3\" class=\"ngg-gallery-thumbnail-box\" >\n\t\t\t\t        <div class=\"ngg-gallery-thumbnail\">\n            <a href=\"https:\/\/www.cyril-kalisz.org\/wp-content\/gallery\/2016-06-FixeChene14c28n\/2016-06-Fixe14c28nChene-01.jpg\"\n               title=\"Couteau fixe par Cyril Kalisz lame inoxydable 14c28n - poign\u00e9e et \u00e9tuis en ch\u00eane de la for\u00eat de Tronchet - garde et pommeau inox - enti\u00e8rement d\u00e9montable\"\n               data-src=\"https:\/\/www.cyril-kalisz.org\/wp-content\/gallery\/2016-06-FixeChene14c28n\/2016-06-Fixe14c28nChene-01.jpg\"\n               data-thumbnail=\"https:\/\/www.cyril-kalisz.org\/wp-content\/gallery\/2016-06-FixeChene14c28n\/thumbs\/thumbs_2016-06-Fixe14c28nChene-01.jpg\"\n               data-image-id=\"1430\"\n               data-title=\"Couteau fixe - Travail de dessin\"\n               data-description=\"Couteau fixe par Cyril Kalisz lame inoxydable 14c28n - poign\u00e9e et \u00e9tuis en ch\u00eane de la for\u00eat de Tronchet - garde et pommeau inox - enti\u00e8rement d\u00e9montable\"\n               data-image-slug=\"2016-06-fixe14c28nchene-01\"\n               class=\"shutterset_2a7e3abc2f2af2332af3fefc44b8fcdf\">\n                <img\n                    title=\"Couteau fixe - Travail de dessin\"\n                    alt=\"Couteau fixe - Travail de dessin\"\n                    src=\"https:\/\/www.cyril-kalisz.org\/wp-content\/gallery\/2016-06-FixeChene14c28n\/thumbs\/thumbs_2016-06-Fixe14c28nChene-01.jpg\"\n                    width=\"234\"\n                    height=\"127\"\n                    style=\"max-width:100%;\"\n                \/>\n            <\/a>\n        <\/div>\n\t\t\t\t\t\t\t<\/div> \n\t\t\t\n        \n\t\t\t\t<div id=\"ngg-image-4\" class=\"ngg-gallery-thumbnail-box\" >\n\t\t\t\t        <div class=\"ngg-gallery-thumbnail\">\n            <a href=\"https:\/\/www.cyril-kalisz.org\/wp-content\/gallery\/2016-06-FixeChene14c28n\/2016-06-Fixe14c28nChene-02.jpg\"\n               title=\"Couteau fixe par Cyril Kalisz lame inoxydable 14c28n - poign\u00e9e et \u00e9tuis en ch\u00eane de la for\u00eat de Tronchet - garde et pommeau inox - enti\u00e8rement d\u00e9montable\"\n               data-src=\"https:\/\/www.cyril-kalisz.org\/wp-content\/gallery\/2016-06-FixeChene14c28n\/2016-06-Fixe14c28nChene-02.jpg\"\n               data-thumbnail=\"https:\/\/www.cyril-kalisz.org\/wp-content\/gallery\/2016-06-FixeChene14c28n\/thumbs\/thumbs_2016-06-Fixe14c28nChene-02.jpg\"\n               data-image-id=\"1431\"\n               data-title=\"Couteau fixe - la garde\"\n               data-description=\"Couteau fixe par Cyril Kalisz lame inoxydable 14c28n - poign\u00e9e et \u00e9tuis en ch\u00eane de la for\u00eat de Tronchet - garde et pommeau inox - enti\u00e8rement d\u00e9montable\"\n               data-image-slug=\"2016-06-fixe14c28nchene-02\"\n               class=\"shutterset_2a7e3abc2f2af2332af3fefc44b8fcdf\">\n                <img\n                    title=\"Couteau fixe - la garde\"\n                    alt=\"Couteau fixe - la garde\"\n                    src=\"https:\/\/www.cyril-kalisz.org\/wp-content\/gallery\/2016-06-FixeChene14c28n\/thumbs\/thumbs_2016-06-Fixe14c28nChene-02.jpg\"\n                    width=\"106\"\n                    height=\"127\"\n                    style=\"max-width:100%;\"\n                \/>\n            <\/a>\n        <\/div>\n\t\t\t\t\t\t\t<\/div> \n\t\t\t\n        \n\t\t\t\t<div id=\"ngg-image-5\" class=\"ngg-gallery-thumbnail-box\" >\n\t\t\t\t        <div class=\"ngg-gallery-thumbnail\">\n            <a href=\"https:\/\/www.cyril-kalisz.org\/wp-content\/gallery\/2016-06-FixeChene14c28n\/2016-06-Fixe14c28nChene-03.jpg\"\n               title=\"Couteau fixe par Cyril Kalisz lame inoxydable 14c28n - poign\u00e9e et \u00e9tuis en ch\u00eane de la for\u00eat de Tronchet - garde et pommeau inox - enti\u00e8rement d\u00e9montable\"\n               data-src=\"https:\/\/www.cyril-kalisz.org\/wp-content\/gallery\/2016-06-FixeChene14c28n\/2016-06-Fixe14c28nChene-03.jpg\"\n               data-thumbnail=\"https:\/\/www.cyril-kalisz.org\/wp-content\/gallery\/2016-06-FixeChene14c28n\/thumbs\/thumbs_2016-06-Fixe14c28nChene-03.jpg\"\n               data-image-id=\"1432\"\n               data-title=\"Couteau fixe - cuisine - les bagues\"\n               data-description=\"Couteau fixe par Cyril Kalisz lame inoxydable 14c28n - poign\u00e9e et \u00e9tuis en ch\u00eane de la for\u00eat de Tronchet - garde et pommeau inox - enti\u00e8rement d\u00e9montable\"\n               data-image-slug=\"2016-06-fixe14c28nchene-03\"\n               class=\"shutterset_2a7e3abc2f2af2332af3fefc44b8fcdf\">\n                <img\n                    title=\"Couteau fixe - cuisine - les bagues\"\n                    alt=\"Couteau fixe - cuisine - les bagues\"\n                    src=\"https:\/\/www.cyril-kalisz.org\/wp-content\/gallery\/2016-06-FixeChene14c28n\/thumbs\/thumbs_2016-06-Fixe14c28nChene-03.jpg\"\n                    width=\"216\"\n                    height=\"127\"\n                    style=\"max-width:100%;\"\n                \/>\n            <\/a>\n        <\/div>\n\t\t\t\t\t\t\t<\/div> \n\t\t\t\n        \n\t\t\t\t<div id=\"ngg-image-6\" class=\"ngg-gallery-thumbnail-box\" >\n\t\t\t\t        <div class=\"ngg-gallery-thumbnail\">\n            <a href=\"https:\/\/www.cyril-kalisz.org\/wp-content\/gallery\/2016-06-FixeChene14c28n\/2016-06-Fixe14c28nChene-04.jpg\"\n               title=\"Couteau fixe par Cyril Kalisz lame inoxydable 14c28n - poign\u00e9e et \u00e9tuis en ch\u00eane de la for\u00eat de Tronchet - garde et pommeau inox - enti\u00e8rement d\u00e9montable\"\n               data-src=\"https:\/\/www.cyril-kalisz.org\/wp-content\/gallery\/2016-06-FixeChene14c28n\/2016-06-Fixe14c28nChene-04.jpg\"\n               data-thumbnail=\"https:\/\/www.cyril-kalisz.org\/wp-content\/gallery\/2016-06-FixeChene14c28n\/thumbs\/thumbs_2016-06-Fixe14c28nChene-04.jpg\"\n               data-image-id=\"1433\"\n               data-title=\"Couteau fixe - cuisine - \u00e7a prend forme\"\n               data-description=\"Couteau fixe par Cyril Kalisz lame inoxydable 14c28n - poign\u00e9e et \u00e9tuis en ch\u00eane de la for\u00eat de Tronchet - garde et pommeau inox - enti\u00e8rement d\u00e9montable\"\n               data-image-slug=\"2016-06-fixe14c28nchene-04\"\n               class=\"shutterset_2a7e3abc2f2af2332af3fefc44b8fcdf\">\n                <img\n                    title=\"Couteau fixe - cuisine - \u00e7a prend forme\"\n                    alt=\"Couteau fixe - cuisine - \u00e7a prend forme\"\n                    src=\"https:\/\/www.cyril-kalisz.org\/wp-content\/gallery\/2016-06-FixeChene14c28n\/thumbs\/thumbs_2016-06-Fixe14c28nChene-04.jpg\"\n                    width=\"264\"\n                    height=\"127\"\n                    style=\"max-width:100%;\"\n                \/>\n            <\/a>\n        <\/div>\n\t\t\t\t\t\t\t<\/div> \n\t\t\t\n        \n\t\t\t\t<div id=\"ngg-image-7\" class=\"ngg-gallery-thumbnail-box\" >\n\t\t\t\t        <div class=\"ngg-gallery-thumbnail\">\n            <a href=\"https:\/\/www.cyril-kalisz.org\/wp-content\/gallery\/2016-06-FixeChene14c28n\/2016-06-Fixe14c28nChene-05.jpg\"\n               title=\"Couteau fixe par Cyril Kalisz lame inoxydable 14c28n - poign\u00e9e et \u00e9tuis en ch\u00eane de la for\u00eat de Tronchet - garde et pommeau inox - enti\u00e8rement d\u00e9montable\"\n               data-src=\"https:\/\/www.cyril-kalisz.org\/wp-content\/gallery\/2016-06-FixeChene14c28n\/2016-06-Fixe14c28nChene-05.jpg\"\n               data-thumbnail=\"https:\/\/www.cyril-kalisz.org\/wp-content\/gallery\/2016-06-FixeChene14c28n\/thumbs\/thumbs_2016-06-Fixe14c28nChene-05.jpg\"\n               data-image-id=\"1434\"\n               data-title=\"Couteau fixe - cuisine - cannelage\"\n               data-description=\"Couteau fixe par Cyril Kalisz lame inoxydable 14c28n - poign\u00e9e et \u00e9tuis en ch\u00eane de la for\u00eat de Tronchet - garde et pommeau inox - enti\u00e8rement d\u00e9montable\"\n               data-image-slug=\"2016-06-fixe14c28nchene-05\"\n               class=\"shutterset_2a7e3abc2f2af2332af3fefc44b8fcdf\">\n                <img\n                    title=\"Couteau fixe - cuisine - cannelage\"\n                    alt=\"Couteau fixe - cuisine - cannelage\"\n                    src=\"https:\/\/www.cyril-kalisz.org\/wp-content\/gallery\/2016-06-FixeChene14c28n\/thumbs\/thumbs_2016-06-Fixe14c28nChene-05.jpg\"\n                    width=\"97\"\n                    height=\"127\"\n                    style=\"max-width:100%;\"\n                \/>\n            <\/a>\n        <\/div>\n\t\t\t\t\t\t\t<\/div> \n\t\t\t\n        \n\t\t\t\t<div id=\"ngg-image-8\" class=\"ngg-gallery-thumbnail-box\" >\n\t\t\t\t        <div class=\"ngg-gallery-thumbnail\">\n            <a href=\"https:\/\/www.cyril-kalisz.org\/wp-content\/gallery\/2016-06-FixeChene14c28n\/2016-06-Fixe14c28nChene-06.jpg\"\n               title=\"Couteau fixe par Cyril Kalisz lame inoxydable 14c28n - poign\u00e9e et \u00e9tuis en ch\u00eane de la for\u00eat de Tronchet - garde et pommeau inox - enti\u00e8rement d\u00e9montable\"\n               data-src=\"https:\/\/www.cyril-kalisz.org\/wp-content\/gallery\/2016-06-FixeChene14c28n\/2016-06-Fixe14c28nChene-06.jpg\"\n               data-thumbnail=\"https:\/\/www.cyril-kalisz.org\/wp-content\/gallery\/2016-06-FixeChene14c28n\/thumbs\/thumbs_2016-06-Fixe14c28nChene-06.jpg\"\n               data-image-id=\"1435\"\n               data-title=\"Couteau fixe - cuisine - polissage\"\n               data-description=\"Couteau fixe par Cyril Kalisz lame inoxydable 14c28n - poign\u00e9e et \u00e9tuis en ch\u00eane de la for\u00eat de Tronchet - garde et pommeau inox - enti\u00e8rement d\u00e9montable\"\n               data-image-slug=\"2016-06-fixe14c28nchene-06\"\n               class=\"shutterset_2a7e3abc2f2af2332af3fefc44b8fcdf\">\n                <img\n                    title=\"Couteau fixe - cuisine - polissage\"\n                    alt=\"Couteau fixe - cuisine - polissage\"\n                    src=\"https:\/\/www.cyril-kalisz.org\/wp-content\/gallery\/2016-06-FixeChene14c28n\/thumbs\/thumbs_2016-06-Fixe14c28nChene-06.jpg\"\n                    width=\"191\"\n                    height=\"127\"\n                    style=\"max-width:100%;\"\n                \/>\n            <\/a>\n        <\/div>\n\t\t\t\t\t\t\t<\/div> \n\t\t\t\n        \n\t\t\t\t<div id=\"ngg-image-9\" class=\"ngg-gallery-thumbnail-box\" >\n\t\t\t\t        <div class=\"ngg-gallery-thumbnail\">\n            <a href=\"https:\/\/www.cyril-kalisz.org\/wp-content\/gallery\/2016-06-FixeChene14c28n\/2016-06-Fixe14c28nChene-07.jpg\"\n               title=\"Couteau fixe par Cyril Kalisz lame inoxydable 14c28n - poign\u00e9e et \u00e9tuis en ch\u00eane de la for\u00eat de Tronchet - garde et pommeau inox - enti\u00e8rement d\u00e9montable\"\n               data-src=\"https:\/\/www.cyril-kalisz.org\/wp-content\/gallery\/2016-06-FixeChene14c28n\/2016-06-Fixe14c28nChene-07.jpg\"\n               data-thumbnail=\"https:\/\/www.cyril-kalisz.org\/wp-content\/gallery\/2016-06-FixeChene14c28n\/thumbs\/thumbs_2016-06-Fixe14c28nChene-07.jpg\"\n               data-image-id=\"1436\"\n               data-title=\"Couteau fixe - cuisine - le set\"\n               data-description=\"Couteau fixe par Cyril Kalisz lame inoxydable 14c28n - poign\u00e9e et \u00e9tuis en ch\u00eane de la for\u00eat de Tronchet - garde et pommeau inox - enti\u00e8rement d\u00e9montable\"\n               data-image-slug=\"2016-06-fixe14c28nchene-07\"\n               class=\"shutterset_2a7e3abc2f2af2332af3fefc44b8fcdf\">\n                <img\n                    title=\"Couteau fixe - cuisine - le set\"\n                    alt=\"Couteau fixe - cuisine - le set\"\n                    src=\"https:\/\/www.cyril-kalisz.org\/wp-content\/gallery\/2016-06-FixeChene14c28n\/thumbs\/thumbs_2016-06-Fixe14c28nChene-07.jpg\"\n                    width=\"224\"\n                    height=\"127\"\n                    style=\"max-width:100%;\"\n                \/>\n            <\/a>\n        <\/div>\n\t\t\t\t\t\t\t<\/div> \n\t\t\t\n        \n\t\t\t\t<div id=\"ngg-image-10\" class=\"ngg-gallery-thumbnail-box\" >\n\t\t\t\t        <div class=\"ngg-gallery-thumbnail\">\n            <a href=\"https:\/\/www.cyril-kalisz.org\/wp-content\/gallery\/2016-06-FixeChene14c28n\/2016-06-Fixe14c28nChene-08.jpg\"\n               title=\"Couteau fixe par Cyril Kalisz lame inoxydable 14c28n - poign\u00e9e et \u00e9tuis en ch\u00eane de la for\u00eat de Tronchet - garde et pommeau inox - enti\u00e8rement d\u00e9montable\"\n               data-src=\"https:\/\/www.cyril-kalisz.org\/wp-content\/gallery\/2016-06-FixeChene14c28n\/2016-06-Fixe14c28nChene-08.jpg\"\n               data-thumbnail=\"https:\/\/www.cyril-kalisz.org\/wp-content\/gallery\/2016-06-FixeChene14c28n\/thumbs\/thumbs_2016-06-Fixe14c28nChene-08.jpg\"\n               data-image-id=\"1437\"\n               data-title=\"Couteau fixe - cuisine - gros plan\"\n               data-description=\"Couteau fixe par Cyril Kalisz lame inoxydable 14c28n - poign\u00e9e et \u00e9tuis en ch\u00eane de la for\u00eat de Tronchet - garde et pommeau inox - enti\u00e8rement d\u00e9montable\"\n               data-image-slug=\"2016-06-fixe14c28nchene-08\"\n               class=\"shutterset_2a7e3abc2f2af2332af3fefc44b8fcdf\">\n                <img\n                    title=\"Couteau fixe - cuisine - gros plan\"\n                    alt=\"Couteau fixe - cuisine - gros plan\"\n                    src=\"https:\/\/www.cyril-kalisz.org\/wp-content\/gallery\/2016-06-FixeChene14c28n\/thumbs\/thumbs_2016-06-Fixe14c28nChene-08.jpg\"\n                    width=\"219\"\n                    height=\"127\"\n                    style=\"max-width:100%;\"\n                \/>\n            <\/a>\n        <\/div>\n\t\t\t\t\t\t\t<\/div> \n\t\t\t\n        \n\t\t\n\t\t<div class=\"ngg-clear\"><\/div>\n\t<\/div>\n<\/p>\n<div style=\"padding-bottom:20px; padding-top:10px;\" class=\"hupso-share-buttons\"><!-- Hupso Share Buttons - https:\/\/www.hupso.com\/share\/ --><a class=\"hupso_toolbar\" href=\"https:\/\/www.hupso.com\/share\/\"><img decoding=\"async\" src=\"https:\/\/static.hupso.com\/share\/buttons\/dot.png\" style=\"border:0px; padding-top: 5px; float:left;\" alt=\"Share Button\"\/><\/a><script type=\"text\/javascript\">var hupso_services_t=new Array(\"Twitter\",\"Facebook\",\"Google Plus\",\"Pinterest\",\"Digg\",\"Reddit\",\"Bebo\",\"Delicious\");var hupso_background_t=\"#EAF4FF\";var hupso_border_t=\"#66CCFF\";var hupso_toolbar_size_t=\"small\";var hupso_image_folder_url = \"\";var hupso_url_t=\"\";var hupso_title_t=\"Couteau%20fixe%20-%20cuisine\";<\/script><script type=\"text\/javascript\" src=\"https:\/\/static.hupso.com\/share\/js\/share_toolbar.js\"><\/script><!-- Hupso Share Buttons --><\/div>\n","protected":false},"excerpt":{"rendered":"<p>Couteau fixe montage soie traversante &#8211; pommeau visser &#8211; enti\u00e8rement d\u00e9montable. Lame 14c28n &#8211; poign\u00e9e ch\u00eane de la for\u00eat de Tron\u00e7ais &#8211; garde et pommeau inox &#8211; \u00e9tuis ch\u00eane de la for\u00eat de Tronchet. Longueur de lame : 18,8 cm. Longueur totale : 31 cm.<\/p>\n<div style=\"padding-bottom:20px; padding-top:10px;\" class=\"hupso-share-buttons\"><!-- Hupso Share Buttons - https:\/\/www.hupso.com\/share\/ --><a class=\"hupso_toolbar\" href=\"https:\/\/www.hupso.com\/share\/\"><img src=\"https:\/\/static.hupso.com\/share\/buttons\/dot.png\" style=\"border:0px; padding-top: 5px; float:left;\" alt=\"Share Button\"\/><\/a><script type=\"text\/javascript\">var hupso_services_t=new Array(\"Twitter\",\"Facebook\",\"Google Plus\",\"Pinterest\",\"Digg\",\"Reddit\",\"Bebo\",\"Delicious\");var hupso_background_t=\"#EAF4FF\";var hupso_border_t=\"#66CCFF\";var hupso_toolbar_size_t=\"small\";var hupso_image_folder_url = \"\";var hupso_url_t=\"\";var hupso_title_t=\"Couteau%20fixe%20-%20cuisine\";<\/script><script type=\"text\/javascript\" src=\"https:\/\/static.hupso.com\/share\/js\/share_toolbar.js\"><\/script><!-- Hupso Share Buttons --><\/div>","protected":false},"author":1,"featured_media":2820,"comment_status":"open","ping_status":"open","sticky":false,"template":"","format":"standard","meta":{"ngg_post_thumbnail":0,"footnotes":""},"categories":[9,5],"tags":[330,340,304,339,126,76,163,214,289,288,285,341,342,383],"class_list":["post-2792","post","type-post","status-publish","format-standard","has-post-thumbnail","hentry","category-couteaux","category-droits","tag-14c28n","tag-chene","tag-couteau","tag-cuisine","tag-cyril","tag-demontable","tag-droit","tag-garde","tag-inox","tag-inoxydable","tag-kalisz","tag-pommeau","tag-soie","tag-tronchet","entry","has-media"],"_links":{"self":[{"href":"https:\/\/www.cyril-kalisz.org\/index.php?rest_route=\/wp\/v2\/posts\/2792","targetHints":{"allow":["GET"]}}],"collection":[{"href":"https:\/\/www.cyril-kalisz.org\/index.php?rest_route=\/wp\/v2\/posts"}],"about":[{"href":"https:\/\/www.cyril-kalisz.org\/index.php?rest_route=\/wp\/v2\/types\/post"}],"author":[{"embeddable":true,"href":"https:\/\/www.cyril-kalisz.org\/index.php?rest_route=\/wp\/v2\/users\/1"}],"replies":[{"embeddable":true,"href":"https:\/\/www.cyril-kalisz.org\/index.php?rest_route=%2Fwp%2Fv2%2Fcomments&post=2792"}],"version-history":[{"count":2,"href":"https:\/\/www.cyril-kalisz.org\/index.php?rest_route=\/wp\/v2\/posts\/2792\/revisions"}],"predecessor-version":[{"id":2822,"href":"https:\/\/www.cyril-kalisz.org\/index.php?rest_route=\/wp\/v2\/posts\/2792\/revisions\/2822"}],"wp:featuredmedia":[{"embeddable":true,"href":"https:\/\/www.cyril-kalisz.org\/index.php?rest_route=\/wp\/v2\/media\/2820"}],"wp:attachment":[{"href":"https:\/\/www.cyril-kalisz.org\/index.php?rest_route=%2Fwp%2Fv2%2Fmedia&parent=2792"}],"wp:term":[{"taxonomy":"category","embeddable":true,"href":"https:\/\/www.cyril-kalisz.org\/index.php?rest_route=%2Fwp%2Fv2%2Fcategories&post=2792"},{"taxonomy":"post_tag","embeddable":true,"href":"https:\/\/www.cyril-kalisz.org\/index.php?rest_route=%2Fwp%2Fv2%2Ftags&post=2792"}],"curies":[{"name":"wp","href":"https:\/\/api.w.org\/{rel}","templated":true}]}}