{"id":4624,"date":"2020-04-22T09:30:39","date_gmt":"2020-04-22T09:30:39","guid":{"rendered":"http:\/\/www.cyril-kalisz.org\/?p=4624"},"modified":"2020-04-22T09:31:21","modified_gmt":"2020-04-22T09:31:21","slug":"alvilda-manguier-125sc","status":"publish","type":"post","link":"https:\/\/www.cyril-kalisz.org\/?p=4624","title":{"rendered":"Alvilda Manguier &#038; 125SC"},"content":{"rendered":"<p>\n\n<div class=\"ngg-galleryoverview ngg-slideshow\"\n\t id=\"ngg-slideshow-6f5f65bda6c32f9f0b4c1ba55443e3cc-14765172740\"\n     data-gallery-id=\"6f5f65bda6c32f9f0b4c1ba55443e3cc\"\n     style=\"max-width: 320px; max-height: 240px;\">\n\n \t<div id=\"ngg-image-0\" class=\"ngg-gallery-slideshow-image\" style=\"height:240px\">\n\n        <a href=\"https:\/\/www.cyril-kalisz.org\/wp-content\/gallery\/2020-02-alvildagidgee125sc\/2020-02-Noname125SCManguier-01.JPG\"\n           title=\"Alvilda cran forc\u00e9 par Cyril Kalisz lame 125SC trempe s\u00e9lective - manguier - guillochage - mitres carbones park\u00e9ris\u00e9es\"\n           data-src=\"https:\/\/www.cyril-kalisz.org\/wp-content\/gallery\/2020-02-alvildagidgee125sc\/2020-02-Noname125SCManguier-01.JPG\"\n           data-thumbnail=\"https:\/\/www.cyril-kalisz.org\/wp-content\/gallery\/2020-02-alvildagidgee125sc\/thumbs\/thumbs_2020-02-Noname125SCManguier-01.JPG\"\n           data-image-id=\"1871\"\n           data-title=\"Alvilda Manguier &amp; 125SC\"\n           data-description=\"Alvilda cran forc\u00e9 par Cyril Kalisz lame 125SC trempe s\u00e9lective - manguier - guillochage - mitres carbones park\u00e9ris\u00e9es\"\n           class=\"shutterset_6f5f65bda6c32f9f0b4c1ba55443e3cc\">\n\n            <img data-image-id='1871'\n                 title=\"Alvilda cran forc\u00e9 par Cyril Kalisz lame 125SC trempe s\u00e9lective - manguier - guillochage - mitres carbones park\u00e9ris\u00e9es\"\n                 alt=\"Alvilda Manguier &amp; 125SC\"\n                 src=\"https:\/\/www.cyril-kalisz.org\/wp-content\/gallery\/2020-02-alvildagidgee125sc\/2020-02-Noname125SCManguier-01.JPG\"\n                 style=\"max-height: 220px;\"\/>\n        <\/a>\n\n        <\/div> \n<div id=\"ngg-image-1\" class=\"ngg-gallery-slideshow-image\" style=\"height:240px\">\n\n        <a href=\"https:\/\/www.cyril-kalisz.org\/wp-content\/gallery\/2020-02-alvildagidgee125sc\/2020-02-Noname125SCManguier-02.JPG\"\n           title=\"Alvilda cran forc\u00e9 par Cyril Kalisz lame 125SC trempe s\u00e9lective - manguier - guillochage - mitres carbones park\u00e9ris\u00e9es\"\n           data-src=\"https:\/\/www.cyril-kalisz.org\/wp-content\/gallery\/2020-02-alvildagidgee125sc\/2020-02-Noname125SCManguier-02.JPG\"\n           data-thumbnail=\"https:\/\/www.cyril-kalisz.org\/wp-content\/gallery\/2020-02-alvildagidgee125sc\/thumbs\/thumbs_2020-02-Noname125SCManguier-02.JPG\"\n           data-image-id=\"1872\"\n           data-title=\"Alvilda Manguier &amp; 125SC\"\n           data-description=\"Alvilda cran forc\u00e9 par Cyril Kalisz lame 125SC trempe s\u00e9lective - manguier - guillochage - mitres carbones park\u00e9ris\u00e9es\"\n           class=\"shutterset_6f5f65bda6c32f9f0b4c1ba55443e3cc\">\n\n            <img data-image-id='1872'\n                 title=\"Alvilda cran forc\u00e9 par Cyril Kalisz lame 125SC trempe s\u00e9lective - manguier - guillochage - mitres carbones park\u00e9ris\u00e9es\"\n                 alt=\"Alvilda Manguier &amp; 125SC\"\n                 src=\"https:\/\/www.cyril-kalisz.org\/wp-content\/gallery\/2020-02-alvildagidgee125sc\/2020-02-Noname125SCManguier-02.JPG\"\n                 style=\"max-height: 220px;\"\/>\n        <\/a>\n\n        <\/div> \n<\/div>\n\n\n\n<\/p>\n<p>Couteau pliant \u00e0 cran forc\u00e9<\/p>\n<p>Lame carbone 125SC trempe s\u00e9lective &#8211; plaquettes manguier &#8211; platines titane &#8211; guillochage &#8211; mitres carbones tremp\u00e9es park\u00e9ris\u00e9es.<br \/>Longueur de lame : 88 mm.<br \/>Longueur totale : 194 mm.<\/p>\n<p><!-- index.php -->\n<div\n\tclass=\"ngg-galleryoverview ngg-ajax-pagination-none\"\n\tid=\"ngg-gallery-875b078038d4b89139f81df92491d44c-1\">\n\n    \t\t<!-- Thumbnails -->\n\t\t\t\t<div id=\"ngg-image-0\" class=\"ngg-gallery-thumbnail-box\" >\n\t\t\t\t        <div class=\"ngg-gallery-thumbnail\">\n            <a href=\"https:\/\/www.cyril-kalisz.org\/wp-content\/gallery\/2020-02-alvildagidgee125sc\/2020-02-Noname125SCManguier-01.JPG\"\n               title=\"Alvilda cran forc\u00e9 par Cyril Kalisz lame 125SC trempe s\u00e9lective - manguier - guillochage - mitres carbones park\u00e9ris\u00e9es\"\n               data-src=\"https:\/\/www.cyril-kalisz.org\/wp-content\/gallery\/2020-02-alvildagidgee125sc\/2020-02-Noname125SCManguier-01.JPG\"\n               data-thumbnail=\"https:\/\/www.cyril-kalisz.org\/wp-content\/gallery\/2020-02-alvildagidgee125sc\/thumbs\/thumbs_2020-02-Noname125SCManguier-01.JPG\"\n               data-image-id=\"1871\"\n               data-title=\"Alvilda Manguier &amp; 125SC\"\n               data-description=\"Alvilda cran forc\u00e9 par Cyril Kalisz lame 125SC trempe s\u00e9lective - manguier - guillochage - mitres carbones park\u00e9ris\u00e9es\"\n               data-image-slug=\"2020-02-noname125scmanguier-01-1\"\n               class=\"shutterset_875b078038d4b89139f81df92491d44c\">\n                <img\n                    title=\"Alvilda Manguier &amp; 125SC\"\n                    alt=\"Alvilda Manguier &amp; 125SC\"\n                    src=\"https:\/\/www.cyril-kalisz.org\/wp-content\/gallery\/2020-02-alvildagidgee125sc\/thumbs\/thumbs_2020-02-Noname125SCManguier-01.JPG\"\n                    width=\"230\"\n                    height=\"127\"\n                    style=\"max-width:100%;\"\n                \/>\n            <\/a>\n        <\/div>\n\t\t\t\t\t\t\t<\/div> \n\t\t\t\n        \n\t\t\t\t<div id=\"ngg-image-1\" class=\"ngg-gallery-thumbnail-box\" >\n\t\t\t\t        <div class=\"ngg-gallery-thumbnail\">\n            <a href=\"https:\/\/www.cyril-kalisz.org\/wp-content\/gallery\/2020-02-alvildagidgee125sc\/2020-02-Noname125SCManguier-02.JPG\"\n               title=\"Alvilda cran forc\u00e9 par Cyril Kalisz lame 125SC trempe s\u00e9lective - manguier - guillochage - mitres carbones park\u00e9ris\u00e9es\"\n               data-src=\"https:\/\/www.cyril-kalisz.org\/wp-content\/gallery\/2020-02-alvildagidgee125sc\/2020-02-Noname125SCManguier-02.JPG\"\n               data-thumbnail=\"https:\/\/www.cyril-kalisz.org\/wp-content\/gallery\/2020-02-alvildagidgee125sc\/thumbs\/thumbs_2020-02-Noname125SCManguier-02.JPG\"\n               data-image-id=\"1872\"\n               data-title=\"Alvilda Manguier &amp; 125SC\"\n               data-description=\"Alvilda cran forc\u00e9 par Cyril Kalisz lame 125SC trempe s\u00e9lective - manguier - guillochage - mitres carbones park\u00e9ris\u00e9es\"\n               data-image-slug=\"2020-02-noname125scmanguier-02-1\"\n               class=\"shutterset_875b078038d4b89139f81df92491d44c\">\n                <img\n                    title=\"Alvilda Manguier &amp; 125SC\"\n                    alt=\"Alvilda Manguier &amp; 125SC\"\n                    src=\"https:\/\/www.cyril-kalisz.org\/wp-content\/gallery\/2020-02-alvildagidgee125sc\/thumbs\/thumbs_2020-02-Noname125SCManguier-02.JPG\"\n                    width=\"103\"\n                    height=\"127\"\n                    style=\"max-width:100%;\"\n                \/>\n            <\/a>\n        <\/div>\n\t\t\t\t\t\t\t<\/div> \n\t\t\t\n        \n\t\t\n\t\t<div class=\"ngg-clear\"><\/div>\n\t<\/div>\n<\/p>\n<div style=\"padding-bottom:20px; padding-top:10px;\" class=\"hupso-share-buttons\"><!-- Hupso Share Buttons - https:\/\/www.hupso.com\/share\/ --><a class=\"hupso_toolbar\" href=\"https:\/\/www.hupso.com\/share\/\"><img decoding=\"async\" src=\"https:\/\/static.hupso.com\/share\/buttons\/dot.png\" style=\"border:0px; padding-top: 5px; float:left;\" alt=\"Share Button\"\/><\/a><script type=\"text\/javascript\">var hupso_services_t=new Array(\"Twitter\",\"Facebook\",\"Google Plus\",\"Pinterest\",\"Digg\",\"Reddit\",\"Bebo\",\"Delicious\");var hupso_background_t=\"#EAF4FF\";var hupso_border_t=\"#66CCFF\";var hupso_toolbar_size_t=\"small\";var hupso_image_folder_url = \"\";var hupso_url_t=\"\";var hupso_title_t=\"Alvilda%20Manguier%20%26%20125SC\";<\/script><script type=\"text\/javascript\" src=\"https:\/\/static.hupso.com\/share\/js\/share_toolbar.js\"><\/script><!-- Hupso Share Buttons --><\/div>\n","protected":false},"excerpt":{"rendered":"<p>Couteau pliant \u00e0 cran forc\u00e9 Lame carbone 125SC trempe s\u00e9lective &#8211; plaquettes manguier &#8211; platines titane &#8211; guillochage &#8211; mitres carbones tremp\u00e9es park\u00e9ris\u00e9es.Longueur de lame : 88 mm.Longueur totale : 194 mm.<\/p>\n<div style=\"padding-bottom:20px; padding-top:10px;\" class=\"hupso-share-buttons\"><!-- Hupso Share Buttons - https:\/\/www.hupso.com\/share\/ --><a class=\"hupso_toolbar\" href=\"https:\/\/www.hupso.com\/share\/\"><img src=\"https:\/\/static.hupso.com\/share\/buttons\/dot.png\" style=\"border:0px; padding-top: 5px; float:left;\" alt=\"Share Button\"\/><\/a><script type=\"text\/javascript\">var hupso_services_t=new Array(\"Twitter\",\"Facebook\",\"Google Plus\",\"Pinterest\",\"Digg\",\"Reddit\",\"Bebo\",\"Delicious\");var hupso_background_t=\"#EAF4FF\";var hupso_border_t=\"#66CCFF\";var hupso_toolbar_size_t=\"small\";var hupso_image_folder_url = \"\";var hupso_url_t=\"\";var hupso_title_t=\"Alvilda%20Manguier%20%26%20125SC\";<\/script><script type=\"text\/javascript\" src=\"https:\/\/static.hupso.com\/share\/js\/share_toolbar.js\"><\/script><!-- Hupso Share Buttons --><\/div>","protected":false},"author":1,"featured_media":4633,"comment_status":"open","ping_status":"open","sticky":false,"template":"","format":"standard","meta":{"ngg_post_thumbnail":0,"footnotes":""},"categories":[687],"tags":[419,688,309,169,165,164,304,691,123,281,284,176,298,285,689,690,496,601],"class_list":["post-4624","post","type-post","status-publish","format-standard","has-post-thumbnail","hentry","category-alvilda","tag-125sc","tag-alvilda","tag-artisanal","tag-artisanat","tag-chenailler-mascheix","tag-correze","tag-couteau","tag-couteau-custom","tag-couteaux-2","tag-cran-force","tag-cyril-kalisz","tag-france","tag-guillochage","tag-kalisz","tag-manguier","tag-mitres-carbones","tag-parkerisees","tag-trempe-selective-2","entry","has-media"],"_links":{"self":[{"href":"https:\/\/www.cyril-kalisz.org\/index.php?rest_route=\/wp\/v2\/posts\/4624","targetHints":{"allow":["GET"]}}],"collection":[{"href":"https:\/\/www.cyril-kalisz.org\/index.php?rest_route=\/wp\/v2\/posts"}],"about":[{"href":"https:\/\/www.cyril-kalisz.org\/index.php?rest_route=\/wp\/v2\/types\/post"}],"author":[{"embeddable":true,"href":"https:\/\/www.cyril-kalisz.org\/index.php?rest_route=\/wp\/v2\/users\/1"}],"replies":[{"embeddable":true,"href":"https:\/\/www.cyril-kalisz.org\/index.php?rest_route=%2Fwp%2Fv2%2Fcomments&post=4624"}],"version-history":[{"count":1,"href":"https:\/\/www.cyril-kalisz.org\/index.php?rest_route=\/wp\/v2\/posts\/4624\/revisions"}],"predecessor-version":[{"id":4632,"href":"https:\/\/www.cyril-kalisz.org\/index.php?rest_route=\/wp\/v2\/posts\/4624\/revisions\/4632"}],"wp:featuredmedia":[{"embeddable":true,"href":"https:\/\/www.cyril-kalisz.org\/index.php?rest_route=\/wp\/v2\/media\/4633"}],"wp:attachment":[{"href":"https:\/\/www.cyril-kalisz.org\/index.php?rest_route=%2Fwp%2Fv2%2Fmedia&parent=4624"}],"wp:term":[{"taxonomy":"category","embeddable":true,"href":"https:\/\/www.cyril-kalisz.org\/index.php?rest_route=%2Fwp%2Fv2%2Fcategories&post=4624"},{"taxonomy":"post_tag","embeddable":true,"href":"https:\/\/www.cyril-kalisz.org\/index.php?rest_route=%2Fwp%2Fv2%2Ftags&post=4624"}],"curies":[{"name":"wp","href":"https:\/\/api.w.org\/{rel}","templated":true}]}}