{"id":4795,"date":"2020-10-28T08:27:46","date_gmt":"2020-10-28T08:27:46","guid":{"rendered":"http:\/\/www.cyril-kalisz.org\/?p=4795"},"modified":"2020-10-28T08:38:28","modified_gmt":"2020-10-28T08:38:28","slug":"alvilda-125sc-bois-de-cerf","status":"publish","type":"post","link":"https:\/\/www.cyril-kalisz.org\/?p=4795","title":{"rendered":"Alvilda 125Sc &#038; bois de Cerf"},"content":{"rendered":"<p>\n\n\t<div class='ngg-imagebrowser'\n         id='ngg-imagebrowser-94054188f0f5de5326a0327293b323fa-4795'\n         data-nextgen-gallery-id=\"94054188f0f5de5326a0327293b323fa\">\n\n        <h3>Alvilda 125Sc &amp; bois de Cerf<\/h3>\n\n        <div id=\"ngg-image-0\" class=\"pic\" >\n\n        <a href='https:\/\/www.cyril-kalisz.org\/wp-content\/gallery\/2020-10-alvilda125scbdcerf\/2020-10-Alvilda125scBdCerf-01.JPG'\n           title='Alvilda liner-lock par Cyril Kalisz lame 125SC trempe s\u00e9lective - manguier - guillochage - mitres carbones park\u00e9ris\u00e9es'\n           data-src=\"https:\/\/www.cyril-kalisz.org\/wp-content\/gallery\/2020-10-alvilda125scbdcerf\/2020-10-Alvilda125scBdCerf-01.JPG\"\n           data-thumbnail=\"https:\/\/www.cyril-kalisz.org\/wp-content\/gallery\/2020-10-alvilda125scbdcerf\/thumbs\/thumbs_2020-10-Alvilda125scBdCerf-01.JPG\"\n           data-image-id=\"1933\"\n           data-title=\"Alvilda 125Sc &amp; bois de Cerf\"\n           data-description=\"Alvilda liner-lock par Cyril Kalisz lame 125SC trempe s\u00e9lective - manguier - guillochage - mitres carbones park\u00e9ris\u00e9es\"\n           class=\"shutterset_94054188f0f5de5326a0327293b323fa\">\n            <img title='Alvilda 125Sc &amp; bois de Cerf'\n                 alt='Alvilda 125Sc &amp; bois de Cerf'\n                 src='https:\/\/www.cyril-kalisz.org\/wp-content\/gallery\/2020-10-alvilda125scbdcerf\/2020-10-Alvilda125scBdCerf-01.JPG'\/>\n        <\/a>\n\n        <\/div> \n\n        <div class='ngg-imagebrowser-nav'>\n\n            <div class='back'>\n                <a class='ngg-browser-prev'\n                   id='ngg-prev-1934'\n                   href='https:\/\/www.cyril-kalisz.org\/index.php\/nggallery\/image\/2020-10-alvilda125scbdcerf-02?p=4795'>\n                    &#9668; Retour                <\/a>\n            <\/div>\n\n            <div class='next'>\n                <a class='ngg-browser-next'\n                   id='ngg-next-1935'\n                   href='https:\/\/www.cyril-kalisz.org\/index.php\/nggallery\/image\/2020-10-alvilda125scbdcerf-03?p=4795'>\n                    Suivant                    &#9658;\n                <\/a>\n            <\/div>\n\n            <div class='counter'>\n                Image                1                parmi                4            <\/div>\n\n            <div class='ngg-imagebrowser-desc'>\n                <p>Alvilda liner-lock par Cyril Kalisz lame 125SC trempe s\u00e9lective - manguier - guillochage - mitres carbones park\u00e9ris\u00e9es<\/p>\n            <\/div>\n\n        <\/div>\n    <\/div>\n\n<\/p>\n<p id=\"block-d83096fe-67c0-4cda-a1be-f3b1dfa524e2\">Couteau pliant liner-lock<\/p>\n<p id=\"block-b576cfa7-e778-4758-868c-7e465cbd5248\">Lame carbone 125SC trempe s\u00e9lective &#8211; plaquettes bois de cerf &#8211; platines titane &#8211; guillochage &#8211; mitres carbones tremp\u00e9es.<br \/>Longueur de lame : 88 mm.<br \/>Longueur totale : 194 mm.<\/p>\n<p><!-- index.php -->\n<div\n\tclass=\"ngg-galleryoverview ngg-ajax-pagination-none\"\n\tid=\"ngg-gallery-c0f1bac8b116c89ab1bab2d59dc55418-1\">\n\n    \t\t<!-- Thumbnails -->\n\t\t\t\t<div id=\"ngg-image-0\" class=\"ngg-gallery-thumbnail-box\" >\n\t\t\t\t        <div class=\"ngg-gallery-thumbnail\">\n            <a href=\"https:\/\/www.cyril-kalisz.org\/wp-content\/gallery\/2020-10-alvilda125scbdcerf\/2020-10-Alvilda125scBdCerf-01.JPG\"\n               title=\"Alvilda liner-lock par Cyril Kalisz lame 125SC trempe s\u00e9lective - manguier - guillochage - mitres carbones park\u00e9ris\u00e9es\"\n               data-src=\"https:\/\/www.cyril-kalisz.org\/wp-content\/gallery\/2020-10-alvilda125scbdcerf\/2020-10-Alvilda125scBdCerf-01.JPG\"\n               data-thumbnail=\"https:\/\/www.cyril-kalisz.org\/wp-content\/gallery\/2020-10-alvilda125scbdcerf\/thumbs\/thumbs_2020-10-Alvilda125scBdCerf-01.JPG\"\n               data-image-id=\"1933\"\n               data-title=\"Alvilda 125Sc &amp; bois de Cerf\"\n               data-description=\"Alvilda liner-lock par Cyril Kalisz lame 125SC trempe s\u00e9lective - manguier - guillochage - mitres carbones park\u00e9ris\u00e9es\"\n               data-image-slug=\"2020-10-alvilda125scbdcerf-01\"\n               class=\"shutterset_c0f1bac8b116c89ab1bab2d59dc55418\">\n                <img\n                    title=\"Alvilda 125Sc &amp; bois de Cerf\"\n                    alt=\"Alvilda 125Sc &amp; bois de Cerf\"\n                    src=\"https:\/\/www.cyril-kalisz.org\/wp-content\/gallery\/2020-10-alvilda125scbdcerf\/thumbs\/thumbs_2020-10-Alvilda125scBdCerf-01.JPG\"\n                    width=\"126\"\n                    height=\"127\"\n                    style=\"max-width:100%;\"\n                \/>\n            <\/a>\n        <\/div>\n\t\t\t\t\t\t\t<\/div> \n\t\t\t\n        \n\t\t\t\t<div id=\"ngg-image-1\" class=\"ngg-gallery-thumbnail-box\" >\n\t\t\t\t        <div class=\"ngg-gallery-thumbnail\">\n            <a href=\"https:\/\/www.cyril-kalisz.org\/wp-content\/gallery\/2020-10-alvilda125scbdcerf\/2020-10-Alvilda125scBdCerf-03.JPG\"\n               title=\"Alvilda liner-lock par Cyril Kalisz lame 125SC trempe s\u00e9lective - manguier - guillochage - mitres carbones park\u00e9ris\u00e9es\"\n               data-src=\"https:\/\/www.cyril-kalisz.org\/wp-content\/gallery\/2020-10-alvilda125scbdcerf\/2020-10-Alvilda125scBdCerf-03.JPG\"\n               data-thumbnail=\"https:\/\/www.cyril-kalisz.org\/wp-content\/gallery\/2020-10-alvilda125scbdcerf\/thumbs\/thumbs_2020-10-Alvilda125scBdCerf-03.JPG\"\n               data-image-id=\"1935\"\n               data-title=\"Alvilda 125Sc &amp; bois de Cerf\"\n               data-description=\"Alvilda liner-lock par Cyril Kalisz lame 125SC trempe s\u00e9lective - manguier - guillochage - mitres carbones park\u00e9ris\u00e9es\"\n               data-image-slug=\"2020-10-alvilda125scbdcerf-03\"\n               class=\"shutterset_c0f1bac8b116c89ab1bab2d59dc55418\">\n                <img\n                    title=\"Alvilda 125Sc &amp; bois de Cerf\"\n                    alt=\"Alvilda 125Sc &amp; bois de Cerf\"\n                    src=\"https:\/\/www.cyril-kalisz.org\/wp-content\/gallery\/2020-10-alvilda125scbdcerf\/thumbs\/thumbs_2020-10-Alvilda125scBdCerf-03.JPG\"\n                    width=\"253\"\n                    height=\"127\"\n                    style=\"max-width:100%;\"\n                \/>\n            <\/a>\n        <\/div>\n\t\t\t\t\t\t\t<\/div> \n\t\t\t\n        \n\t\t\t\t<div id=\"ngg-image-2\" class=\"ngg-gallery-thumbnail-box\" >\n\t\t\t\t        <div class=\"ngg-gallery-thumbnail\">\n            <a href=\"https:\/\/www.cyril-kalisz.org\/wp-content\/gallery\/2020-10-alvilda125scbdcerf\/2020-10-Alvilda125scBdCerf-00.JPG\"\n               title=\"Alvilda liner-lock par Cyril Kalisz lame 125SC trempe s\u00e9lective - manguier - guillochage - mitres carbones park\u00e9ris\u00e9es\"\n               data-src=\"https:\/\/www.cyril-kalisz.org\/wp-content\/gallery\/2020-10-alvilda125scbdcerf\/2020-10-Alvilda125scBdCerf-00.JPG\"\n               data-thumbnail=\"https:\/\/www.cyril-kalisz.org\/wp-content\/gallery\/2020-10-alvilda125scbdcerf\/thumbs\/thumbs_2020-10-Alvilda125scBdCerf-00.JPG\"\n               data-image-id=\"1932\"\n               data-title=\"Alvilda 125Sc &amp; bois de Cerf\"\n               data-description=\"Alvilda liner-lock par Cyril Kalisz lame 125SC trempe s\u00e9lective - manguier - guillochage - mitres carbones park\u00e9ris\u00e9es\"\n               data-image-slug=\"2020-10-alvilda125scbdcerf-00\"\n               class=\"shutterset_c0f1bac8b116c89ab1bab2d59dc55418\">\n                <img\n                    title=\"Alvilda 125Sc &amp; bois de Cerf\"\n                    alt=\"Alvilda 125Sc &amp; bois de Cerf\"\n                    src=\"https:\/\/www.cyril-kalisz.org\/wp-content\/gallery\/2020-10-alvilda125scbdcerf\/thumbs\/thumbs_2020-10-Alvilda125scBdCerf-00.JPG\"\n                    width=\"77\"\n                    height=\"127\"\n                    style=\"max-width:100%;\"\n                \/>\n            <\/a>\n        <\/div>\n\t\t\t\t\t\t\t<\/div> \n\t\t\t\n        \n\t\t\t\t<div id=\"ngg-image-3\" class=\"ngg-gallery-thumbnail-box\" >\n\t\t\t\t        <div class=\"ngg-gallery-thumbnail\">\n            <a href=\"https:\/\/www.cyril-kalisz.org\/wp-content\/gallery\/2020-10-alvilda125scbdcerf\/2020-10-Alvilda125scBdCerf-02.JPG\"\n               title=\"Alvilda liner-lock par Cyril Kalisz lame 125SC trempe s\u00e9lective - manguier - guillochage - mitres carbones park\u00e9ris\u00e9es\"\n               data-src=\"https:\/\/www.cyril-kalisz.org\/wp-content\/gallery\/2020-10-alvilda125scbdcerf\/2020-10-Alvilda125scBdCerf-02.JPG\"\n               data-thumbnail=\"https:\/\/www.cyril-kalisz.org\/wp-content\/gallery\/2020-10-alvilda125scbdcerf\/thumbs\/thumbs_2020-10-Alvilda125scBdCerf-02.JPG\"\n               data-image-id=\"1934\"\n               data-title=\"Alvilda 125Sc &amp; bois de Cerf\"\n               data-description=\"Alvilda liner-lock par Cyril Kalisz lame 125SC trempe s\u00e9lective - manguier - guillochage - mitres carbones park\u00e9ris\u00e9es\"\n               data-image-slug=\"2020-10-alvilda125scbdcerf-02\"\n               class=\"shutterset_c0f1bac8b116c89ab1bab2d59dc55418\">\n                <img\n                    title=\"Alvilda 125Sc &amp; bois de Cerf\"\n                    alt=\"Alvilda 125Sc &amp; bois de Cerf\"\n                    src=\"https:\/\/www.cyril-kalisz.org\/wp-content\/gallery\/2020-10-alvilda125scbdcerf\/thumbs\/thumbs_2020-10-Alvilda125scBdCerf-02.JPG\"\n                    width=\"191\"\n                    height=\"127\"\n                    style=\"max-width:100%;\"\n                \/>\n            <\/a>\n        <\/div>\n\t\t\t\t\t\t\t<\/div> \n\t\t\t\n        \n\t\t\n\t\t<div class=\"ngg-clear\"><\/div>\n\t<\/div>\n<\/p>\n<div style=\"padding-bottom:20px; padding-top:10px;\" class=\"hupso-share-buttons\"><!-- Hupso Share Buttons - https:\/\/www.hupso.com\/share\/ --><a class=\"hupso_toolbar\" href=\"https:\/\/www.hupso.com\/share\/\"><img decoding=\"async\" src=\"https:\/\/static.hupso.com\/share\/buttons\/dot.png\" style=\"border:0px; padding-top: 5px; float:left;\" alt=\"Share Button\"\/><\/a><script type=\"text\/javascript\">var hupso_services_t=new Array(\"Twitter\",\"Facebook\",\"Google Plus\",\"Pinterest\",\"Digg\",\"Reddit\",\"Bebo\",\"Delicious\");var hupso_background_t=\"#EAF4FF\";var hupso_border_t=\"#66CCFF\";var hupso_toolbar_size_t=\"small\";var hupso_image_folder_url = \"\";var hupso_url_t=\"\";var hupso_title_t=\"Alvilda%20125Sc%20%26%20bois%20de%20Cerf\";<\/script><script type=\"text\/javascript\" src=\"https:\/\/static.hupso.com\/share\/js\/share_toolbar.js\"><\/script><!-- Hupso Share Buttons --><\/div>\n","protected":false},"excerpt":{"rendered":"<p>Couteau pliant liner-lock Lame carbone 125SC trempe s\u00e9lective &#8211; plaquettes bois de cerf &#8211; platines titane &#8211; guillochage &#8211; mitres carbones tremp\u00e9es.Longueur de lame : 88 mm.Longueur totale : 194 mm.<\/p>\n<div style=\"padding-bottom:20px; padding-top:10px;\" class=\"hupso-share-buttons\"><!-- Hupso Share Buttons - https:\/\/www.hupso.com\/share\/ --><a class=\"hupso_toolbar\" href=\"https:\/\/www.hupso.com\/share\/\"><img src=\"https:\/\/static.hupso.com\/share\/buttons\/dot.png\" style=\"border:0px; padding-top: 5px; float:left;\" alt=\"Share Button\"\/><\/a><script type=\"text\/javascript\">var hupso_services_t=new Array(\"Twitter\",\"Facebook\",\"Google Plus\",\"Pinterest\",\"Digg\",\"Reddit\",\"Bebo\",\"Delicious\");var hupso_background_t=\"#EAF4FF\";var hupso_border_t=\"#66CCFF\";var hupso_toolbar_size_t=\"small\";var hupso_image_folder_url = \"\";var hupso_url_t=\"\";var hupso_title_t=\"Alvilda%20125Sc%20%26%20bois%20de%20Cerf\";<\/script><script type=\"text\/javascript\" src=\"https:\/\/static.hupso.com\/share\/js\/share_toolbar.js\"><\/script><!-- Hupso Share Buttons --><\/div>","protected":false},"author":1,"featured_media":4805,"comment_status":"open","ping_status":"open","sticky":false,"template":"","format":"standard","meta":{"ngg_post_thumbnail":1935,"footnotes":""},"categories":[687,9,4],"tags":[419,688,309,169,420,165,164,304,691,123,281,284,176,298,285,690,601],"class_list":["post-4795","post","type-post","status-publish","format-standard","has-post-thumbnail","hentry","category-alvilda","category-couteaux","category-pliants","tag-125sc","tag-alvilda","tag-artisanal","tag-artisanat","tag-bois-de-cerf","tag-chenailler-mascheix","tag-correze","tag-couteau","tag-couteau-custom","tag-couteaux-2","tag-cran-force","tag-cyril-kalisz","tag-france","tag-guillochage","tag-kalisz","tag-mitres-carbones","tag-trempe-selective-2","entry","has-media"],"_links":{"self":[{"href":"https:\/\/www.cyril-kalisz.org\/index.php?rest_route=\/wp\/v2\/posts\/4795","targetHints":{"allow":["GET"]}}],"collection":[{"href":"https:\/\/www.cyril-kalisz.org\/index.php?rest_route=\/wp\/v2\/posts"}],"about":[{"href":"https:\/\/www.cyril-kalisz.org\/index.php?rest_route=\/wp\/v2\/types\/post"}],"author":[{"embeddable":true,"href":"https:\/\/www.cyril-kalisz.org\/index.php?rest_route=\/wp\/v2\/users\/1"}],"replies":[{"embeddable":true,"href":"https:\/\/www.cyril-kalisz.org\/index.php?rest_route=%2Fwp%2Fv2%2Fcomments&post=4795"}],"version-history":[{"count":1,"href":"https:\/\/www.cyril-kalisz.org\/index.php?rest_route=\/wp\/v2\/posts\/4795\/revisions"}],"predecessor-version":[{"id":4798,"href":"https:\/\/www.cyril-kalisz.org\/index.php?rest_route=\/wp\/v2\/posts\/4795\/revisions\/4798"}],"wp:featuredmedia":[{"embeddable":true,"href":"https:\/\/www.cyril-kalisz.org\/index.php?rest_route=\/wp\/v2\/media\/4805"}],"wp:attachment":[{"href":"https:\/\/www.cyril-kalisz.org\/index.php?rest_route=%2Fwp%2Fv2%2Fmedia&parent=4795"}],"wp:term":[{"taxonomy":"category","embeddable":true,"href":"https:\/\/www.cyril-kalisz.org\/index.php?rest_route=%2Fwp%2Fv2%2Fcategories&post=4795"},{"taxonomy":"post_tag","embeddable":true,"href":"https:\/\/www.cyril-kalisz.org\/index.php?rest_route=%2Fwp%2Fv2%2Ftags&post=4795"}],"curies":[{"name":"wp","href":"https:\/\/api.w.org\/{rel}","templated":true}]}}