{"id":5073,"date":"2022-03-27T20:05:34","date_gmt":"2022-03-27T20:05:34","guid":{"rendered":"http:\/\/www.cyril-kalisz.org\/?p=5073"},"modified":"2022-03-27T20:05:34","modified_gmt":"2022-03-27T20:05:34","slug":"celeste-115w8-bois-de-cerf","status":"publish","type":"post","link":"https:\/\/www.cyril-kalisz.org\/?p=5073","title":{"rendered":"Celeste 115W8 &#038; bois de cerf"},"content":{"rendered":"<p>\n\n<div class=\"ngg-galleryoverview ngg-slideshow\"\n\t id=\"ngg-slideshow-38a9eb24be644b726edbfd1d2bcbc48c-368124920\"\n     data-gallery-id=\"38a9eb24be644b726edbfd1d2bcbc48c\"\n     style=\"max-width: 320px; max-height: 240px;\">\n\n \t<div id=\"ngg-image-0\" class=\"ngg-gallery-slideshow-image\" style=\"height:240px\">\n\n        <a href=\"https:\/\/www.cyril-kalisz.org\/wp-content\/gallery\/2022-02-celeste115w8bdcerf\/2022-02-Celeste115W8Cerf-01.JPG\"\n           title=\"Celeste cran forc\u00e9 par Cyril Kalisz lame carbone 115W8 &amp; bois de cerf teint\u00e9 - inbnt\u00e9grales art nouveau tremp\u00e9es park\u00e9ris\u00e9es - guillochage\"\n           data-src=\"https:\/\/www.cyril-kalisz.org\/wp-content\/gallery\/2022-02-celeste115w8bdcerf\/2022-02-Celeste115W8Cerf-01.JPG\"\n           data-thumbnail=\"https:\/\/www.cyril-kalisz.org\/wp-content\/gallery\/2022-02-celeste115w8bdcerf\/thumbs\/thumbs_2022-02-Celeste115W8Cerf-01.JPG\"\n           data-image-id=\"2061\"\n           data-title=\"Celeste 115W8 &amp; bois de cerf\"\n           data-description=\"Celeste cran forc\u00e9 par Cyril Kalisz lame carbone 115W8 &amp; bois de cerf teint\u00e9 - inbnt\u00e9grales art nouveau tremp\u00e9es park\u00e9ris\u00e9es - guillochage\"\n           class=\"shutterset_38a9eb24be644b726edbfd1d2bcbc48c\">\n\n            <img data-image-id='2061'\n                 title=\"Celeste cran forc\u00e9 par Cyril Kalisz lame carbone 115W8 &amp; bois de cerf teint\u00e9 - inbnt\u00e9grales art nouveau tremp\u00e9es park\u00e9ris\u00e9es - guillochage\"\n                 alt=\"Celeste 115W8 &amp; bois de cerf\"\n                 src=\"https:\/\/www.cyril-kalisz.org\/wp-content\/gallery\/2022-02-celeste115w8bdcerf\/2022-02-Celeste115W8Cerf-01.JPG\"\n                 style=\"max-height: 220px;\"\/>\n        <\/a>\n\n        <\/div> \n<\/div>\n\n\n\n<\/p>\n<p>Couteau cran forc\u00e9.<br \/>Lame carbone 115W8 &#8211; plaquettes bois de cerf &#8211; mitres int\u00e9grales 90MCV8  tremp\u00e9es park\u00e9ris\u00e9es &#8211; guillochage<\/p>\n<p>Longueur de lame : 85 mm.<br \/>Longueur totale : 195 mm.<\/p>\n<p><!-- index.php -->\n<div\n\tclass=\"ngg-galleryoverview ngg-ajax-pagination-none\"\n\tid=\"ngg-gallery-becf17dde1341ece1b5adfe2274105c7-1\">\n\n    \t\t<!-- Thumbnails -->\n\t\t\t\t<div id=\"ngg-image-0\" class=\"ngg-gallery-thumbnail-box\" >\n\t\t\t\t        <div class=\"ngg-gallery-thumbnail\">\n            <a href=\"https:\/\/www.cyril-kalisz.org\/wp-content\/gallery\/2022-02-celeste115w8bdcerf\/2022-02-Celeste115W8Cerf-01.JPG\"\n               title=\"Celeste cran forc\u00e9 par Cyril Kalisz lame carbone 115W8 &amp; bois de cerf teint\u00e9 - inbnt\u00e9grales art nouveau tremp\u00e9es park\u00e9ris\u00e9es - guillochage\"\n               data-src=\"https:\/\/www.cyril-kalisz.org\/wp-content\/gallery\/2022-02-celeste115w8bdcerf\/2022-02-Celeste115W8Cerf-01.JPG\"\n               data-thumbnail=\"https:\/\/www.cyril-kalisz.org\/wp-content\/gallery\/2022-02-celeste115w8bdcerf\/thumbs\/thumbs_2022-02-Celeste115W8Cerf-01.JPG\"\n               data-image-id=\"2061\"\n               data-title=\"Celeste 115W8 &amp; bois de cerf\"\n               data-description=\"Celeste cran forc\u00e9 par Cyril Kalisz lame carbone 115W8 &amp; bois de cerf teint\u00e9 - inbnt\u00e9grales art nouveau tremp\u00e9es park\u00e9ris\u00e9es - guillochage\"\n               data-image-slug=\"2022-02-celeste115w8cerf-01\"\n               class=\"shutterset_becf17dde1341ece1b5adfe2274105c7\">\n                <img\n                    title=\"Celeste 115W8 &amp; bois de cerf\"\n                    alt=\"Celeste 115W8 &amp; bois de cerf\"\n                    src=\"https:\/\/www.cyril-kalisz.org\/wp-content\/gallery\/2022-02-celeste115w8bdcerf\/thumbs\/thumbs_2022-02-Celeste115W8Cerf-01.JPG\"\n                    width=\"168\"\n                    height=\"127\"\n                    style=\"max-width:100%;\"\n                \/>\n            <\/a>\n        <\/div>\n\t\t\t\t\t\t\t<\/div> \n\t\t\t\n        \n\t\t\n\t\t<div class=\"ngg-clear\"><\/div>\n\t<\/div>\n<\/p>\n<div style=\"padding-bottom:20px; padding-top:10px;\" class=\"hupso-share-buttons\"><!-- Hupso Share Buttons - https:\/\/www.hupso.com\/share\/ --><a class=\"hupso_toolbar\" href=\"https:\/\/www.hupso.com\/share\/\"><img decoding=\"async\" src=\"https:\/\/static.hupso.com\/share\/buttons\/dot.png\" style=\"border:0px; padding-top: 5px; float:left;\" alt=\"Share Button\"\/><\/a><script type=\"text\/javascript\">var hupso_services_t=new Array(\"Twitter\",\"Facebook\",\"Google Plus\",\"Pinterest\",\"Digg\",\"Reddit\",\"Bebo\",\"Delicious\");var hupso_background_t=\"#EAF4FF\";var hupso_border_t=\"#66CCFF\";var hupso_toolbar_size_t=\"small\";var hupso_image_folder_url = \"\";var hupso_url_t=\"\";var hupso_title_t=\"Celeste%20115W8%20%26%20bois%20de%20cerf\";<\/script><script type=\"text\/javascript\" src=\"https:\/\/static.hupso.com\/share\/js\/share_toolbar.js\"><\/script><!-- Hupso Share Buttons --><\/div>\n","protected":false},"excerpt":{"rendered":"<p>Celeste cran forc\u00e9 par Cyril Kalisz lame carbone 115W8 &#038; bois de cerf teint\u00e9 &#8211; inbnt\u00e9grales art nouveau tremp\u00e9es park\u00e9ris\u00e9es &#8211; guillochage<\/p>\n<div style=\"padding-bottom:20px; padding-top:10px;\" class=\"hupso-share-buttons\"><!-- Hupso Share Buttons - https:\/\/www.hupso.com\/share\/ --><a class=\"hupso_toolbar\" href=\"https:\/\/www.hupso.com\/share\/\"><img src=\"https:\/\/static.hupso.com\/share\/buttons\/dot.png\" style=\"border:0px; padding-top: 5px; float:left;\" alt=\"Share Button\"\/><\/a><script type=\"text\/javascript\">var hupso_services_t=new Array(\"Twitter\",\"Facebook\",\"Google Plus\",\"Pinterest\",\"Digg\",\"Reddit\",\"Bebo\",\"Delicious\");var hupso_background_t=\"#EAF4FF\";var hupso_border_t=\"#66CCFF\";var hupso_toolbar_size_t=\"small\";var hupso_image_folder_url = \"\";var hupso_url_t=\"\";var hupso_title_t=\"Celeste%20115W8%20%26%20bois%20de%20cerf\";<\/script><script type=\"text\/javascript\" src=\"https:\/\/static.hupso.com\/share\/js\/share_toolbar.js\"><\/script><!-- Hupso Share Buttons --><\/div>","protected":false},"author":1,"featured_media":5082,"comment_status":"open","ping_status":"open","sticky":false,"template":"","format":"standard","meta":{"ngg_post_thumbnail":2061,"footnotes":""},"categories":[807,9,4],"tags":[852,309,420,754,746,810,611,164,304,280,664,758,176,762,298,853,290,470,496,823,424,826],"class_list":["post-5073","post","type-post","status-publish","format-standard","has-post-thumbnail","hentry","category-celeste","category-couteaux","category-pliants","tag-115w8-parkerisee","tag-artisanal","tag-bois-de-cerf","tag-bolsters","tag-carbon-steel","tag-celeste","tag-chenailler-mascheix-2","tag-correze","tag-couteau","tag-couteau-pliant","tag-custom-knife","tag-folding-knife","tag-france","tag-french","tag-guillochage","tag-integral-bolsters","tag-mitres","tag-parkerised","tag-parkerisees","tag-parkeriser","tag-pompe-arriere","tag-stabilized","entry","has-media"],"_links":{"self":[{"href":"https:\/\/www.cyril-kalisz.org\/index.php?rest_route=\/wp\/v2\/posts\/5073","targetHints":{"allow":["GET"]}}],"collection":[{"href":"https:\/\/www.cyril-kalisz.org\/index.php?rest_route=\/wp\/v2\/posts"}],"about":[{"href":"https:\/\/www.cyril-kalisz.org\/index.php?rest_route=\/wp\/v2\/types\/post"}],"author":[{"embeddable":true,"href":"https:\/\/www.cyril-kalisz.org\/index.php?rest_route=\/wp\/v2\/users\/1"}],"replies":[{"embeddable":true,"href":"https:\/\/www.cyril-kalisz.org\/index.php?rest_route=%2Fwp%2Fv2%2Fcomments&post=5073"}],"version-history":[{"count":1,"href":"https:\/\/www.cyril-kalisz.org\/index.php?rest_route=\/wp\/v2\/posts\/5073\/revisions"}],"predecessor-version":[{"id":5081,"href":"https:\/\/www.cyril-kalisz.org\/index.php?rest_route=\/wp\/v2\/posts\/5073\/revisions\/5081"}],"wp:featuredmedia":[{"embeddable":true,"href":"https:\/\/www.cyril-kalisz.org\/index.php?rest_route=\/wp\/v2\/media\/5082"}],"wp:attachment":[{"href":"https:\/\/www.cyril-kalisz.org\/index.php?rest_route=%2Fwp%2Fv2%2Fmedia&parent=5073"}],"wp:term":[{"taxonomy":"category","embeddable":true,"href":"https:\/\/www.cyril-kalisz.org\/index.php?rest_route=%2Fwp%2Fv2%2Fcategories&post=5073"},{"taxonomy":"post_tag","embeddable":true,"href":"https:\/\/www.cyril-kalisz.org\/index.php?rest_route=%2Fwp%2Fv2%2Ftags&post=5073"}],"curies":[{"name":"wp","href":"https:\/\/api.w.org\/{rel}","templated":true}]}}